{"id":10097,"date":"2026-04-02T17:38:14","date_gmt":"2026-04-02T17:38:14","guid":{"rendered":"https:\/\/www.celinevarin.com\/?p=10097"},"modified":"2026-04-15T14:58:09","modified_gmt":"2026-04-15T14:58:09","slug":"espace-bien-etre","status":"publish","type":"post","link":"http:\/\/www.celinevarin.com\/index.php\/2026\/04\/02\/espace-bien-etre\/","title":{"rendered":"Projet d\u00e9coration complet d\u2019une salle de bain \u00ab  C&#038;B \u00bb \u00e0 Quincampoix (76)"},"content":{"rendered":"<div class=\"wpb-content-wrapper\"><p>[vc_row][vc_column][vc_column_text]<\/p>\n<div style=\"max-width: 900px; margin: 50px auto; font-family: 'Montserrat', sans-serif; color: #333; line-height: 1.8; padding: 0 20px; background: transparent !important;\">\n<div style=\"position: relative; padding-left: 35px; background: transparent !important;\">\n<div style=\"position: absolute; left: 0; top: 10px; bottom: 10px; width: 2px; background-color: #c0943d; opacity: 0.6;\"><\/div>\n<p style=\"margin: 0; font-size: 17px; font-weight: 300; text-align: justify; letter-spacing: 0.2px;\"><span style=\"float: left; font-family: 'Playfair Display', serif; font-size: 55px; line-height: 45px; padding-top: 4px; padding-right: 12px; padding-left: 3px; color: #c0943d;\">R<\/span>\u00e9alisation d\u2019une <strong style=\"font-weight: 500; color: #1a1a1a;\">salle de bain<\/strong> pens\u00e9e comme un v\u00e9ritable espace de bien-\u00eatre, o\u00f9 confort, fonctionnalit\u00e9 et \u00e9l\u00e9gance s\u2019\u00e9quilibrent avec harmonie. L\u2019un des enjeux majeurs de ce projet \u00e9tait d\u2019int\u00e9grer \u00e0 la fois <span style=\"font-family: 'Playfair Display', serif; font-style: italic; color: #c0943d; font-size: 19px;\">une baignoire et une douche<\/span>, tout en repensant les volumes.<\/p>\n<p style=\"margin-top: 20px; font-size: 17px; font-weight: 300; text-align: justify;\">Le choix d\u2019un <strong style=\"font-weight: 400; color: #1a1a1a;\">bleu profond<\/strong>, associ\u00e9 \u00e0 des lignes \u00e9pur\u00e9es et \u00e0 des finitions plus douces, apporte du caract\u00e8re \u00e0 la pi\u00e8ce tout en cr\u00e9ant une atmosph\u00e8re raffin\u00e9e, lumineuse et apaisante.<\/p>\n<p style=\"margin-top: 25px; font-size: 17px; font-weight: 300; border-top: 1px solid rgba(0,0,0,0.08); padding-top: 20px; font-style: italic; color: #555; text-align: center; max-width: 750px; margin-left: auto; margin-right: auto;\">Chaque \u00e9l\u00e9ment a \u00e9t\u00e9 imagin\u00e9 pour <span style=\"color: #c0943d; font-style: normal; font-weight: 400; text-transform: uppercase; font-size: 14px; letter-spacing: 2px;\">structurer l\u2019espace avec justesse<\/span> et offrir une salle de bain aussi esth\u00e9tique que confortable \u00e0 vivre.<br \/>\n&lt;\/p<\/p>\n<\/div>\n<\/div>\n<p>[\/vc_column_text][\/vc_column][\/vc_row][vc_section][vc_row][vc_column width=\u00a0\u00bb1\/2&Prime;]<div  class=\"wpb_content_element   clearfix\"><style type=\"text\/css\">#ut_am_69f27a06c3b2f { opacity: 1; }#ut_am_wrap_69f27a06c3b30 .ut-image-gallery-item-caption-title h3 { letter-spacing: 0em; }#ut_am_wrap_69f27a06c3b30 .ut-gallery-slider-caption { font-weight: bold; }#ut_am_wrap_69f27a06c3b30 { text-align: left; }@media (min-width: 768px) and (max-width: 1024px) { #ut_am_wrap_69f27a06c3b30 { text-align: left !important; } }@media (max-width: 767px) { #ut_am_wrap_69f27a06c3b30 { text-align: center !important; } }<\/style><div id=\"ut_am_wrap_69f27a06c3b30\" class=\"ut-image-gallery-image \"><div id=\"ut_reveal_69f27a06c3b31\"  data-appear-top-offset=\"auto\" class=\"ut-animated-image-item ut-image-gallery-item ut-animation-done \"><a class=\"ut-deactivated-link\" href=\"#\"><div class=\"ut-animated-image-zoom\"><img loading=\"lazy\" decoding=\"async\" class=\"ut-lazy skip-lazy ut-animated-image \"  id=\"ut_am_69f27a06c3b2f\" src=\"data:image\/svg+xml;charset=utf-8,%3Csvg xmlns%3D'http%3A%2F%2Fwww.w3.org%2F2000%2Fsvg' viewBox%3D'0 0 1300 867'%2F%3E\" data-src=\"http:\/\/www.celinevarin.com\/wp-content\/uploads\/2026\/04\/SDB-apreI\u0080s-2-CB-2025-1300x867.jpg\" width=\"1300\" height=\"867\" alt=\"\"\/><\/div><\/a><\/div><\/div><\/div>[\/vc_column][vc_column width=\u00a0\u00bb1\/2&Prime;]<div  class=\"wpb_content_element   clearfix\"><style type=\"text\/css\">#ut_am_69f27a06c3ff8 { opacity: 1; }#ut_am_wrap_69f27a06c3ff9 .ut-image-gallery-item-caption-title h3 { letter-spacing: 0em; }#ut_am_wrap_69f27a06c3ff9 .ut-gallery-slider-caption { font-weight: bold; }#ut_am_wrap_69f27a06c3ff9 { text-align: left; }@media (min-width: 768px) and (max-width: 1024px) { #ut_am_wrap_69f27a06c3ff9 { text-align: left !important; } }@media (max-width: 767px) { #ut_am_wrap_69f27a06c3ff9 { text-align: center !important; } }<\/style><div id=\"ut_am_wrap_69f27a06c3ff9\" class=\"ut-image-gallery-image \"><div id=\"ut_reveal_69f27a06c3ffa\"  data-appear-top-offset=\"auto\" class=\"ut-animated-image-item ut-image-gallery-item ut-animation-done \"><a class=\"ut-deactivated-link\" href=\"#\"><div class=\"ut-animated-image-zoom\"><img loading=\"lazy\" decoding=\"async\" class=\"ut-lazy skip-lazy ut-animated-image \"  id=\"ut_am_69f27a06c3ff8\" src=\"data:image\/svg+xml;charset=utf-8,%3Csvg xmlns%3D'http%3A%2F%2Fwww.w3.org%2F2000%2Fsvg' viewBox%3D'0 0 1300 867'%2F%3E\" data-src=\"http:\/\/www.celinevarin.com\/wp-content\/uploads\/2026\/04\/SDB-apreI\u0080s-3-CB-1300x867.jpeg\" width=\"1300\" height=\"867\" alt=\"\"\/><\/div><\/a><\/div><\/div><\/div>[\/vc_column][\/vc_row][\/vc_section]<\/p>\n<\/div>","protected":false},"excerpt":{"rendered":"<p>R\u00e9alisation d\u2019une salle de bain pens\u00e9e comme un v\u00e9ritable espace de bien-\u00eatre<\/p>\n","protected":false},"author":1,"featured_media":10099,"comment_status":"open","ping_status":"open","sticky":false,"template":"","format":"standard","meta":{"footnotes":""},"categories":[20],"tags":[],"class_list":["post-10097","post","type-post","status-publish","format-standard","has-post-thumbnail","hentry","category-mes-realisations"],"_links":{"self":[{"href":"http:\/\/www.celinevarin.com\/index.php\/wp-json\/wp\/v2\/posts\/10097","targetHints":{"allow":["GET"]}}],"collection":[{"href":"http:\/\/www.celinevarin.com\/index.php\/wp-json\/wp\/v2\/posts"}],"about":[{"href":"http:\/\/www.celinevarin.com\/index.php\/wp-json\/wp\/v2\/types\/post"}],"author":[{"embeddable":true,"href":"http:\/\/www.celinevarin.com\/index.php\/wp-json\/wp\/v2\/users\/1"}],"replies":[{"embeddable":true,"href":"http:\/\/www.celinevarin.com\/index.php\/wp-json\/wp\/v2\/comments?post=10097"}],"version-history":[{"count":5,"href":"http:\/\/www.celinevarin.com\/index.php\/wp-json\/wp\/v2\/posts\/10097\/revisions"}],"predecessor-version":[{"id":10221,"href":"http:\/\/www.celinevarin.com\/index.php\/wp-json\/wp\/v2\/posts\/10097\/revisions\/10221"}],"wp:featuredmedia":[{"embeddable":true,"href":"http:\/\/www.celinevarin.com\/index.php\/wp-json\/wp\/v2\/media\/10099"}],"wp:attachment":[{"href":"http:\/\/www.celinevarin.com\/index.php\/wp-json\/wp\/v2\/media?parent=10097"}],"wp:term":[{"taxonomy":"category","embeddable":true,"href":"http:\/\/www.celinevarin.com\/index.php\/wp-json\/wp\/v2\/categories?post=10097"},{"taxonomy":"post_tag","embeddable":true,"href":"http:\/\/www.celinevarin.com\/index.php\/wp-json\/wp\/v2\/tags?post=10097"}],"curies":[{"name":"wp","href":"https:\/\/api.w.org\/{rel}","templated":true}]}}