{"id":10106,"date":"2026-04-12T12:50:15","date_gmt":"2026-04-12T12:50:15","guid":{"rendered":"https:\/\/www.celinevarin.com\/?p=10106"},"modified":"2026-04-13T11:46:05","modified_gmt":"2026-04-13T11:46:05","slug":"coaching-decoration-et-accompagnement","status":"publish","type":"post","link":"http:\/\/www.celinevarin.com\/index.php\/2026\/04\/12\/coaching-decoration-et-accompagnement\/","title":{"rendered":"Coaching d\u00e9coration d\u2019une cuisine \u00ab  M&#038;J \u00bb  \u00e0 Villeneuve-l\u00e8s-Maguelone (34)"},"content":{"rendered":"<div class=\"wpb-content-wrapper\"><p>[vc_row][vc_column][vc_column_text]<\/p>\n<div style=\"max-width: 900px; margin: 50px auto; font-family: 'Montserrat', sans-serif; color: #333; line-height: 1.8; padding: 0 20px; background: transparent !important;\">\n<div style=\"position: relative; padding-left: 35px; background: transparent !important;\">\n<div style=\"position: absolute; left: 0; top: 10px; bottom: 10px; width: 2px; background-color: #c0943d; opacity: 0.6;\"><\/div>\n<p style=\"margin: 0; font-size: 17px; font-weight: 300; text-align: justify; letter-spacing: 0.2px;\"><span style=\"float: left; font-family: 'Playfair Display', serif; font-size: 55px; line-height: 45px; padding-top: 4px; padding-right: 12px; padding-left: 3px; color: #c0943d;\">C<\/span>oaching d\u00e9coration et accompagnement d\u2019am\u00e9nagement pour une <strong style=\"font-weight: 500; color: #1a1a1a;\">cuisine ouverte<\/strong> pens\u00e9e comme une extension fluide de l\u2019espace de vie. L\u2019enjeu majeur r\u00e9sidait dans la <span style=\"font-family: 'Playfair Display', serif; font-style: italic; color: #c0943d; font-size: 19px;\">surface restreinte et la pr\u00e9sence d\u2019un passe-plat<\/span> qui limitaient la perception des volumes.<\/p>\n<p style=\"margin-top: 20px; font-size: 17px; font-weight: 300; text-align: justify;\">L\u2019ouverture totale a permis d\u2019apporter davantage de respiration, tout en int\u00e9grant un maximum de rangements. Le choix strat\u00e9gique de placer le <strong style=\"font-weight: 400; color: #1a1a1a;\">four et le r\u00e9frig\u00e9rateur en hauteur<\/strong> garantit un confort d&rsquo;usage optimal au quotidien sans encombrer la lecture visuelle.<\/p>\n<p style=\"margin-top: 25px; font-size: 17px; font-weight: 300; border-top: 1px solid rgba(0,0,0,0.08); padding-top: 20px; font-style: italic; color: #555; text-align: center; max-width: 750px; margin-left: auto; margin-right: auto;\">Une cuisine contemporaine et conviviale, <span style=\"color: #c0943d; font-style: normal; font-weight: 400; text-transform: uppercase; font-size: 14px; letter-spacing: 2px;\">parfaitement adapt\u00e9e \u00e0 un mode de vie \u00e9l\u00e9gant<\/span> (R\u00e9alisation client).<\/p>\n<\/div>\n<\/div>\n<p>[\/vc_column_text][\/vc_column][\/vc_row][vc_section][vc_row][vc_column width=\u00a0\u00bb1\/2&Prime;]<div  class=\"wpb_content_element   clearfix\"><style type=\"text\/css\">#ut_am_69f27836bb045 { opacity: 1; }#ut_am_wrap_69f27836bb046 .ut-image-gallery-item-caption-title h3 { letter-spacing: 0em; }#ut_am_wrap_69f27836bb046 .ut-gallery-slider-caption { font-weight: bold; }#ut_am_wrap_69f27836bb046 { text-align: left; }@media (min-width: 768px) and (max-width: 1024px) { #ut_am_wrap_69f27836bb046 { text-align: left !important; } }@media (max-width: 767px) { #ut_am_wrap_69f27836bb046 { text-align: center !important; } }<\/style><div id=\"ut_am_wrap_69f27836bb046\" class=\"ut-image-gallery-image \"><div id=\"ut_reveal_69f27836bb047\"  data-appear-top-offset=\"auto\" class=\"ut-animated-image-item ut-image-gallery-item ut-animation-done \"><a class=\"ut-deactivated-link\" href=\"#\"><div class=\"ut-animated-image-zoom\"><img loading=\"lazy\" decoding=\"async\" class=\"ut-lazy skip-lazy ut-animated-image \"  id=\"ut_am_69f27836bb045\" src=\"data:image\/svg+xml;charset=utf-8,%3Csvg xmlns%3D'http%3A%2F%2Fwww.w3.org%2F2000%2Fsvg' viewBox%3D'0 0 1300 867'%2F%3E\" data-src=\"http:\/\/www.celinevarin.com\/wp-content\/uploads\/2026\/04\/Cuisine-APRES-JM-2026-1-1300x867.jpeg\" width=\"1300\" height=\"867\" alt=\"\"\/><\/div><\/a><\/div><\/div><\/div>[\/vc_column][vc_column width=\u00a0\u00bb1\/2&Prime;]<div  class=\"wpb_content_element   clearfix\"><style type=\"text\/css\">#ut_am_69f27836bb2e0 { opacity: 1; }#ut_am_wrap_69f27836bb2e1 .ut-image-gallery-item-caption-title h3 { letter-spacing: 0em; }#ut_am_wrap_69f27836bb2e1 .ut-gallery-slider-caption { font-weight: bold; }#ut_am_wrap_69f27836bb2e1 { text-align: left; }@media (min-width: 768px) and (max-width: 1024px) { #ut_am_wrap_69f27836bb2e1 { text-align: left !important; } }@media (max-width: 767px) { #ut_am_wrap_69f27836bb2e1 { text-align: center !important; } }<\/style><div id=\"ut_am_wrap_69f27836bb2e1\" class=\"ut-image-gallery-image \"><div id=\"ut_reveal_69f27836bb2e2\"  data-appear-top-offset=\"auto\" class=\"ut-animated-image-item ut-image-gallery-item ut-animation-done \"><a class=\"ut-deactivated-link\" href=\"#\"><div class=\"ut-animated-image-zoom\"><img loading=\"lazy\" decoding=\"async\" class=\"ut-lazy skip-lazy ut-animated-image \"  id=\"ut_am_69f27836bb2e0\" src=\"data:image\/svg+xml;charset=utf-8,%3Csvg xmlns%3D'http%3A%2F%2Fwww.w3.org%2F2000%2Fsvg' viewBox%3D'0 0 1300 867'%2F%3E\" data-src=\"http:\/\/www.celinevarin.com\/wp-content\/uploads\/2026\/04\/Cuisine-APRES-2-JM-2026-1300x867.jpeg\" width=\"1300\" height=\"867\" alt=\"\"\/><\/div><\/a><\/div><\/div><\/div>[\/vc_column][\/vc_row][\/vc_section][vc_section][vc_row][vc_column]<div class=\"wpb_content_element \">\r\n\t\t\t<style type=\"text\/css\">\r\n\r\n\t\t\t\t\r\n\t\t\t\t\r\n\t\t\t\t\r\n                \r\n\t\t\t\t\r\n                \r\n                \r\n\t\t\t\t\r\n\t\t\t<\/style>\r\n\r\n\t\t\t<div id=\"ut_cs_69f27836bb309\" class=\"ut-comparison-container  ut-comparison-caption-with-shadow\" data-default-offset-pct=\"0.5\" data-orientation=\"horizontal\" data-move-slider-on-hover=\"1\" data-before-label=\"\" data-after-label=\"\">\r\n        <img loading=\"lazy\" decoding=\"async\" data-adaptive-images=\"{&quot;300&quot;:&quot;http:\\\/\\\/www.celinevarin.com\\\/wp-content\\\/uploads\\\/2026\\\/04\\\/Cuisine-AVANT-JM-2026-300x200.jpeg&quot;,&quot;500&quot;:&quot;http:\\\/\\\/www.celinevarin.com\\\/wp-content\\\/uploads\\\/2026\\\/04\\\/Cuisine-AVANT-JM-2026-500x333.jpeg&quot;,&quot;750&quot;:&quot;http:\\\/\\\/www.celinevarin.com\\\/wp-content\\\/uploads\\\/2026\\\/04\\\/Cuisine-AVANT-JM-2026-750x500.jpeg&quot;,&quot;1000&quot;:&quot;http:\\\/\\\/www.celinevarin.com\\\/wp-content\\\/uploads\\\/2026\\\/04\\\/Cuisine-AVANT-JM-2026-1000x667.jpeg&quot;,&quot;1500&quot;:&quot;http:\\\/\\\/www.celinevarin.com\\\/wp-content\\\/uploads\\\/2026\\\/04\\\/Cuisine-AVANT-JM-2026-1500x1000.jpeg&quot;,&quot;2500&quot;:&quot;http:\\\/\\\/www.celinevarin.com\\\/wp-content\\\/uploads\\\/2026\\\/04\\\/Cuisine-AVANT-JM-2026-2500x1667.jpeg&quot;}\" src=\"data:image\/svg+xml;charset=utf-8,%3Csvg xmlns%3D&#039;http%3A%2F%2Fwww.w3.org%2F2000%2Fsvg&#039; viewBox%3D&#039;0 0 1500 1000&#039;%2F%3E\" width=\"1500\" height=\"1000\" data-src=\"http:\/\/www.celinevarin.com\/wp-content\/uploads\/2026\/04\/Cuisine-AVANT-JM-2026-1500x1000.jpeg\" data-image-id=\"10214\" class=\"ut-adaptive-image wp-post-image skip-lazy \">\r\n\r\n        \r\n        <img loading=\"lazy\" decoding=\"async\" data-adaptive-images=\"{&quot;300&quot;:&quot;http:\\\/\\\/www.celinevarin.com\\\/wp-content\\\/uploads\\\/2026\\\/04\\\/Cuisine-APRES-JM-2026-1-300x200.jpeg&quot;,&quot;500&quot;:&quot;http:\\\/\\\/www.celinevarin.com\\\/wp-content\\\/uploads\\\/2026\\\/04\\\/Cuisine-APRES-JM-2026-1-500x333.jpeg&quot;,&quot;750&quot;:&quot;http:\\\/\\\/www.celinevarin.com\\\/wp-content\\\/uploads\\\/2026\\\/04\\\/Cuisine-APRES-JM-2026-1-750x500.jpeg&quot;,&quot;1000&quot;:&quot;http:\\\/\\\/www.celinevarin.com\\\/wp-content\\\/uploads\\\/2026\\\/04\\\/Cuisine-APRES-JM-2026-1-1000x667.jpeg&quot;,&quot;1500&quot;:&quot;http:\\\/\\\/www.celinevarin.com\\\/wp-content\\\/uploads\\\/2026\\\/04\\\/Cuisine-APRES-JM-2026-1-1500x1000.jpeg&quot;,&quot;2500&quot;:&quot;http:\\\/\\\/www.celinevarin.com\\\/wp-content\\\/uploads\\\/2026\\\/04\\\/Cuisine-APRES-JM-2026-1-2500x1667.jpeg&quot;}\" src=\"data:image\/svg+xml;charset=utf-8,%3Csvg xmlns%3D&#039;http%3A%2F%2Fwww.w3.org%2F2000%2Fsvg&#039; viewBox%3D&#039;0 0 1500 1000&#039;%2F%3E\" width=\"1500\" height=\"1000\" data-src=\"http:\/\/www.celinevarin.com\/wp-content\/uploads\/2026\/04\/Cuisine-APRES-JM-2026-1-1500x1000.jpeg\" data-image-id=\"10139\" class=\"ut-adaptive-image wp-post-image skip-lazy \">\r\n\r\n        <\/div><\/div>[\/vc_column][\/vc_row][\/vc_section]<\/p>\n<\/div>","protected":false},"excerpt":{"rendered":"<p>Coaching d\u00e9coration et accompagnement d\u2019am\u00e9nagement pour une cuisine ouverte<\/p>\n","protected":false},"author":1,"featured_media":10107,"comment_status":"open","ping_status":"open","sticky":false,"template":"","format":"standard","meta":{"footnotes":""},"categories":[20],"tags":[],"class_list":["post-10106","post","type-post","status-publish","format-standard","has-post-thumbnail","hentry","category-mes-realisations"],"_links":{"self":[{"href":"http:\/\/www.celinevarin.com\/index.php\/wp-json\/wp\/v2\/posts\/10106","targetHints":{"allow":["GET"]}}],"collection":[{"href":"http:\/\/www.celinevarin.com\/index.php\/wp-json\/wp\/v2\/posts"}],"about":[{"href":"http:\/\/www.celinevarin.com\/index.php\/wp-json\/wp\/v2\/types\/post"}],"author":[{"embeddable":true,"href":"http:\/\/www.celinevarin.com\/index.php\/wp-json\/wp\/v2\/users\/1"}],"replies":[{"embeddable":true,"href":"http:\/\/www.celinevarin.com\/index.php\/wp-json\/wp\/v2\/comments?post=10106"}],"version-history":[{"count":6,"href":"http:\/\/www.celinevarin.com\/index.php\/wp-json\/wp\/v2\/posts\/10106\/revisions"}],"predecessor-version":[{"id":10215,"href":"http:\/\/www.celinevarin.com\/index.php\/wp-json\/wp\/v2\/posts\/10106\/revisions\/10215"}],"wp:featuredmedia":[{"embeddable":true,"href":"http:\/\/www.celinevarin.com\/index.php\/wp-json\/wp\/v2\/media\/10107"}],"wp:attachment":[{"href":"http:\/\/www.celinevarin.com\/index.php\/wp-json\/wp\/v2\/media?parent=10106"}],"wp:term":[{"taxonomy":"category","embeddable":true,"href":"http:\/\/www.celinevarin.com\/index.php\/wp-json\/wp\/v2\/categories?post=10106"},{"taxonomy":"post_tag","embeddable":true,"href":"http:\/\/www.celinevarin.com\/index.php\/wp-json\/wp\/v2\/tags?post=10106"}],"curies":[{"name":"wp","href":"https:\/\/api.w.org\/{rel}","templated":true}]}}